{"id":3061,"date":"2016-05-20T13:32:02","date_gmt":"2016-05-20T12:32:02","guid":{"rendered":"https:\/\/cave2023.prz.online\/?p=3061&#038;lang=de"},"modified":"2019-07-19T14:31:06","modified_gmt":"2019-07-19T13:31:06","slug":"ihr-weinfachgeschaeft","status":"publish","type":"post","link":"https:\/\/www.cavedegeneve.ch\/de\/unkategorisiert\/ihr-weinfachgeschaeft\/","title":{"rendered":"IHR WEINFACHGESCH\u00c4FT"},"content":{"rendered":"<h3>Kaufen Sie online oder vor Ort<\/h3>\n<p>Der Pr\u00e4sentationskeller der Cave de Gen\u00e8ve ist ebenfalls ein Verkaufsladen. Er ist vier Tage in der Woche ge\u00f6ffnet, auf Anfrage auch ausserhalb der \u00d6ffnungszeiten. Sie haben die M\u00f6glichkeit, direkt vom Produzenten Weine zu kaufen, sich w\u00e4hrend der Verkostung beraten zu lassen, den Weinkeller zu besichtigen oder private Veranstaltungen durchzuf\u00fchren.<\/p>\n","protected":false},"excerpt":{"rendered":"<p>Kaufen Sie online oder vor Ort Der Pr\u00e4sentationskeller der Cave de Gen\u00e8ve ist ebenfalls ein Verkaufsladen. Er ist vier Tage in der Woche ge\u00f6ffnet, auf Anfrage auch ausserhalb der \u00d6ffnungszeiten. Sie haben die M\u00f6glichkeit, direkt vom Produzenten Weine zu kaufen, sich w\u00e4hrend der Verkostung beraten zu lassen, den Weinkeller zu besichtigen oder private Veranstaltungen durchzuf\u00fchren.<\/p>\n","protected":false},"author":1,"featured_media":4706,"comment_status":"closed","ping_status":"open","sticky":false,"template":"","format":"standard","meta":{"footnotes":""},"categories":[456,134],"tags":[],"class_list":["post-3061","post","type-post","status-publish","format-standard","has-post-thumbnail","hentry","category-nachrichten","category-unkategorisiert"],"_links":{"self":[{"href":"https:\/\/www.cavedegeneve.ch\/de\/wp-json\/wp\/v2\/posts\/3061","targetHints":{"allow":["GET"]}}],"collection":[{"href":"https:\/\/www.cavedegeneve.ch\/de\/wp-json\/wp\/v2\/posts"}],"about":[{"href":"https:\/\/www.cavedegeneve.ch\/de\/wp-json\/wp\/v2\/types\/post"}],"author":[{"embeddable":true,"href":"https:\/\/www.cavedegeneve.ch\/de\/wp-json\/wp\/v2\/users\/1"}],"replies":[{"embeddable":true,"href":"https:\/\/www.cavedegeneve.ch\/de\/wp-json\/wp\/v2\/comments?post=3061"}],"version-history":[{"count":0,"href":"https:\/\/www.cavedegeneve.ch\/de\/wp-json\/wp\/v2\/posts\/3061\/revisions"}],"wp:featuredmedia":[{"embeddable":true,"href":"https:\/\/www.cavedegeneve.ch\/de\/wp-json\/wp\/v2\/media\/4706"}],"wp:attachment":[{"href":"https:\/\/www.cavedegeneve.ch\/de\/wp-json\/wp\/v2\/media?parent=3061"}],"wp:term":[{"taxonomy":"category","embeddable":true,"href":"https:\/\/www.cavedegeneve.ch\/de\/wp-json\/wp\/v2\/categories?post=3061"},{"taxonomy":"post_tag","embeddable":true,"href":"https:\/\/www.cavedegeneve.ch\/de\/wp-json\/wp\/v2\/tags?post=3061"}],"curies":[{"name":"wp","href":"https:\/\/api.w.org\/{rel}","templated":true}]}}