{"id":10261,"date":"2019-07-10T20:16:50","date_gmt":"2019-07-10T19:16:50","guid":{"rendered":"https:\/\/cave2023.prz.online\/unkategorisiert\/unser-keller\/"},"modified":"2021-11-08T09:49:29","modified_gmt":"2021-11-08T08:49:29","slug":"unser-keller","status":"publish","type":"post","link":"https:\/\/www.cavedegeneve.ch\/de\/erfahrungen\/unser-keller\/","title":{"rendered":"Unser Keller"},"content":{"rendered":"\n<p>Ge\u00f6ffnet f\u00fcr die \u00d6ffentlichkeit von Dienstag bis Donnerstag von 13.30 bis 18.30 Uhr und an den Samstagen 27. November, 4., 11. und 18. Dezember 2021 von 10 Uhr bis 16 Uhr, ist der Keller ein freundlicher Raum, in dem wir Ihnen bieten, um unsere verschiedenen Sortimente zu entdecken, unsere Weine zu probieren und die Flaschen Ihrer Wahl zu kaufen. <strong>F\u00fcr Verkostungen m\u00fcssen wir den Gesundheitspass beantragen.<\/strong><\/p>\n\n\n\n<h3 class=\"wp-block-heading\">Vegbringen<\/h3>\n\n\n\n<p>\u00d6ffnungszeit zum Mitnehmen<\/p>\n\n\n\n<p><strong>Montag<\/strong> 7.30 \u2013 12.00 \/ 13.30  \u2013 17.00<\/p>\n\n\n\n<p><strong>Dienstag bis Donnerstag<\/strong> 7.30  \u2013 12.00 \/ 13.30 \u2013 18.30<\/p>\n\n\n\n<p><strong>Freitag<\/strong> 7.30 am \u2013 12 am \/ 13.30 pm \u2013 16.30 pm<\/p>\n","protected":false},"excerpt":{"rendered":"<p>Ge\u00f6ffnet f\u00fcr die \u00d6ffentlichkeit von Dienstag bis Donnerstag von 13.30 bis 18.30 Uhr und an den Samstagen 27. November, 4., 11. und 18. Dezember 2021 von 10 Uhr bis 16 Uhr, ist der Keller ein freundlicher Raum, in dem wir Ihnen bieten, um unsere verschiedenen Sortimente zu entdecken, unsere Weine zu probieren und die Flaschen [&hellip;]<\/p>\n","protected":false},"author":1,"featured_media":0,"comment_status":"closed","ping_status":"open","sticky":false,"template":"notre-cellier.php","format":"standard","meta":{"footnotes":""},"categories":[449],"tags":[],"class_list":["post-10261","post","type-post","status-publish","format-standard","hentry","category-erfahrungen"],"_links":{"self":[{"href":"https:\/\/www.cavedegeneve.ch\/de\/wp-json\/wp\/v2\/posts\/10261","targetHints":{"allow":["GET"]}}],"collection":[{"href":"https:\/\/www.cavedegeneve.ch\/de\/wp-json\/wp\/v2\/posts"}],"about":[{"href":"https:\/\/www.cavedegeneve.ch\/de\/wp-json\/wp\/v2\/types\/post"}],"author":[{"embeddable":true,"href":"https:\/\/www.cavedegeneve.ch\/de\/wp-json\/wp\/v2\/users\/1"}],"replies":[{"embeddable":true,"href":"https:\/\/www.cavedegeneve.ch\/de\/wp-json\/wp\/v2\/comments?post=10261"}],"version-history":[{"count":0,"href":"https:\/\/www.cavedegeneve.ch\/de\/wp-json\/wp\/v2\/posts\/10261\/revisions"}],"wp:attachment":[{"href":"https:\/\/www.cavedegeneve.ch\/de\/wp-json\/wp\/v2\/media?parent=10261"}],"wp:term":[{"taxonomy":"category","embeddable":true,"href":"https:\/\/www.cavedegeneve.ch\/de\/wp-json\/wp\/v2\/categories?post=10261"},{"taxonomy":"post_tag","embeddable":true,"href":"https:\/\/www.cavedegeneve.ch\/de\/wp-json\/wp\/v2\/tags?post=10261"}],"curies":[{"name":"wp","href":"https:\/\/api.w.org\/{rel}","templated":true}]}}